{"id":730,"date":"2020-06-04T15:12:11","date_gmt":"2020-06-04T15:12:11","guid":{"rendered":"http:\/\/mttr.berlin\/?p=730"},"modified":"2021-05-26T17:37:24","modified_gmt":"2021-05-26T15:37:24","slug":"flexibility","status":"publish","type":"post","link":"https:\/\/mttr-architekten.de\/en\/flexibility\/","title":{"rendered":"Journal &#8211; The Flexible Office"},"content":{"rendered":"","protected":false},"excerpt":{"rendered":"","protected":false},"author":1,"featured_media":992,"comment_status":"closed","ping_status":"closed","sticky":false,"template":"","format":"standard","meta":[],"categories":[28],"tags":[],"class_list":["post-730","post","type-post","status-publish","has-post-thumbnail","hentry","category-discourse"],"grid":"{\r\n  \"colCount\": 4,\r\n  \"colGutter\": 3,\r\n  \"rowGutters\": [\r\n    2,\r\n    2,\r\n    2,\r\n    2,\r\n    2,\r\n    2,\r\n    2\r\n  ],\r\n  \"frameMargin\": 5,\r\n  \"topFrameMargin\": 7,\r\n  \"bottomFrameMargin\": 5,\r\n  \"rowAttrs\": [\r\n    {},\r\n    {},\r\n    {},\r\n    {},\r\n    {},\r\n    {},\r\n    {},\r\n    {}\r\n  ],\r\n  \"bgColor\": null,\r\n  \"cont\": [\r\n    {\r\n      \"type\": \"html5video\",\r\n      \"cont\": \"\/wp-content\/uploads\/2020\/10\/18005_FPW-19_THUMBNAIL.jpg\",\r\n      \"align\": \"top\",\r\n      \"row\": 0,\r\n      \"col\": 1,\r\n      \"colspan\": 2,\r\n      \"offsetx\": 0,\r\n      \"offsety\": 0,\r\n      \"spaceabove\": 0,\r\n      \"spacebelow\": 0,\r\n      \"yvel\": 1,\r\n      \"push\": 1,\r\n      \"relid\": 951,\r\n      \"autoplay\": true,\r\n      \"loop\": true,\r\n      \"mute\": true,\r\n      \"controls\": false,\r\n      \"playpauseonclick\": true,\r\n      \"playicon\": false,\r\n      \"ar\": 0.75,\r\n      \"h\": 1080,\r\n      \"w\": 1440,\r\n      \"mp4\": \"\/wp-content\/uploads\/2020\/10\/18005_FPW-19_video_web.mp4\",\r\n      \"filename\": \"18005_FPW-19_video_web.mp4\",\r\n      \"sizes\": {\r\n        \"full\": \"\/wp-content\/uploads\/2020\/10\/18005_FPW-19_THUMBNAIL.jpg\",\r\n        \"_1280\": \"\/wp-content\/uploads\/2020\/10\/18005_FPW-19_THUMBNAIL-1280x1280.jpg\",\r\n        \"_1024\": \"\/wp-content\/uploads\/2020\/10\/18005_FPW-19_THUMBNAIL-1024x1024.jpg\",\r\n        \"_768\": \"\/wp-content\/uploads\/2020\/10\/18005_FPW-19_THUMBNAIL-768x768.jpg\",\r\n        \"_512\": \"\/wp-content\/uploads\/2020\/10\/18005_FPW-19_THUMBNAIL-512x512.jpg\",\r\n        \"_265\": \"\/wp-content\/uploads\/2020\/10\/18005_FPW-19_THUMBNAIL-265x265.jpg\"\r\n      },\r\n      \"imgar\": 1,\r\n      \"mp4attid\": 1114,\r\n      \"imgh\": 1400,\r\n      \"imgw\": 1400,\r\n      \"imgattid\": 992,\r\n      \"muteDisabled\": \"disabled\",\r\n      \"controlsDisabled\": \"disabled\",\r\n      \"frameOverflow\": \"\"\r\n    },\r\n    {\r\n      \"type\": \"text\",\r\n      \"cont\": \"<p><span class=\\\"_Default_medium\\\">Title<\/span> The Flexible Office<\/p><p><span class=\\\"_Default_medium\\\">Publisher<\/span> Messe Frankfurt Exhibition GmbH<\/p><p>Paperworld, Ludwig-Erhard-Anlage 1, 60327 Frankfurt am Main<\/p><p><span class=\\\"_Default_medium\\\">Concept<\/span> Andr\u00e9 Schmidt, MATTER B\u00fcro f\u00fcr Architektur und St\u00e4dtebau<\/p><p><span class=\\\"_Default_medium\\\">Design<\/span> Julia Neller<\/p><p><span class=\\\"_Default_medium\\\">Editorial\/Text<\/span> Ludwig Engel, Stefan Carsten, Andr\u00e9 Schmidt<\/p><p><span class=\\\"_Default_medium\\\">Interviews<\/span> Prof. Dr. Exlisabeth Oberzaucher, Florian Bergmann, Dr. Florian R\u00f6hrbein, Sandra Wallenhorst<\/p><p><span class=\\\"_Default_medium\\\">Translation<\/span> Alan Connor, alcon-translate<\/p><p><span class=\\\"_Default_medium\\\">Print<\/span> Messe Frankfurt Medien und Service GmbH<\/p><p><span class=\\\"_Default_medium\\\">Copyright<\/span> Messe Frankfurt Exhibition GmbH 2019<\/p>\",\r\n      \"align\": \"top\",\r\n      \"row\": 1,\r\n      \"col\": 1,\r\n      \"colspan\": 2,\r\n      \"offsetx\": 0,\r\n      \"offsety\": 0,\r\n      \"spaceabove\": 0,\r\n      \"spacebelow\": 0,\r\n      \"yvel\": 1,\r\n      \"push\": 1,\r\n      \"relid\": 4\r\n    },\r\n    {\r\n      \"type\": \"text\",\r\n      \"cont\": \"<p><span class=\\\"_Default_medium\\\">The Flexible Office<\/span><\/p><p>Flexibility is just as positive a term as it is an elastic concept, promising a world of possibilities only to fail all too often because of the users' habits. Flexibility, if planned to the right extent is, however, essential for sustainable buildings. Particularly in the field of office space planning, there is much talk about flexible spaces, where they are considered a necessity to prepare for changes in the world of work. But what does a flexible office look like and how has the way we work changed with the emergence of new work equipment?<\/p>\",\r\n      \"align\": \"bottom\",\r\n      \"row\": 2,\r\n      \"col\": 1,\r\n      \"colspan\": 2,\r\n      \"offsetx\": 0,\r\n      \"offsety\": 0,\r\n      \"spaceabove\": 0,\r\n      \"spacebelow\": 0,\r\n      \"yvel\": 1,\r\n      \"push\": 1,\r\n      \"relid\": 697\r\n    },\r\n    {\r\n      \"type\": \"img\",\r\n      \"cont\": \"\/wp-content\/uploads\/2020\/10\/18005_FPW-19_GRF_4.jpg\",\r\n      \"align\": \"top\",\r\n      \"row\": 3,\r\n      \"col\": 1,\r\n      \"colspan\": 2,\r\n      \"offsetx\": 0,\r\n      \"offsety\": 0,\r\n      \"spaceabove\": 0,\r\n      \"spacebelow\": 0,\r\n      \"yvel\": 1,\r\n      \"push\": 1,\r\n      \"relid\": 698,\r\n      \"attid\": 1076,\r\n      \"sizes\": {\r\n        \"full\": \"\/wp-content\/uploads\/2020\/10\/18005_FPW-19_GRF_4.jpg\",\r\n        \"_1280\": \"\/wp-content\/uploads\/2020\/10\/18005_FPW-19_GRF_4-1280x796.jpg\",\r\n        \"_1024\": \"\/wp-content\/uploads\/2020\/10\/18005_FPW-19_GRF_4-1024x637.jpg\",\r\n        \"_768\": \"\/wp-content\/uploads\/2020\/10\/18005_FPW-19_GRF_4-768x478.jpg\",\r\n        \"_512\": \"\/wp-content\/uploads\/2020\/10\/18005_FPW-19_GRF_4-512x319.jpg\",\r\n        \"_265\": \"\/wp-content\/uploads\/2020\/10\/18005_FPW-19_GRF_4-265x165.jpg\"\r\n      },\r\n      \"w\": 1900,\r\n      \"h\": 1182,\r\n      \"ar\": 0.6221052631578947,\r\n      \"alt\": \"\"\r\n    },\r\n    {\r\n      \"type\": \"text\",\r\n      \"cont\": \"<p>Of course, flexibility is not only limited to the spatial environment in an office, but can also be found in the areas of personnel management, the organisation of working time, and company-internal innovation. To give you an idea of the bigger picture, we selected four experts from the fields of anthropology, music, sports and computer technology and talked to them about flexibility in their professional environment. It shows that, despite the apparent distance of these professions from the classic office workplace, interesting connections can be made, and practical conclusions drawn for one's own office. All that\u2019s required is to keep an open mind!<\/p>\",\r\n      \"align\": \"top\",\r\n      \"row\": 4,\r\n      \"col\": 1,\r\n      \"colspan\": 2,\r\n      \"offsetx\": 0,\r\n      \"offsety\": 0,\r\n      \"spaceabove\": 0,\r\n      \"spacebelow\": 0,\r\n      \"yvel\": 1,\r\n      \"push\": 1,\r\n      \"relid\": 7\r\n    },\r\n    {\r\n      \"type\": \"img\",\r\n      \"cont\": \"\/wp-content\/uploads\/2020\/10\/18005_FPW-19_GRF_2.jpg\",\r\n      \"align\": \"top\",\r\n      \"row\": 5,\r\n      \"col\": 1,\r\n      \"colspan\": 2,\r\n      \"offsetx\": 0,\r\n      \"offsety\": 0,\r\n      \"spaceabove\": 0,\r\n      \"spacebelow\": 0,\r\n      \"yvel\": 1,\r\n      \"push\": 1,\r\n      \"relid\": 1070,\r\n      \"attid\": 1074,\r\n      \"sizes\": {\r\n        \"full\": \"\/wp-content\/uploads\/2020\/10\/18005_FPW-19_GRF_2.jpg\",\r\n        \"_1280\": \"\/wp-content\/uploads\/2020\/10\/18005_FPW-19_GRF_2-1280x796.jpg\",\r\n        \"_1024\": \"\/wp-content\/uploads\/2020\/10\/18005_FPW-19_GRF_2-1024x637.jpg\",\r\n        \"_768\": \"\/wp-content\/uploads\/2020\/10\/18005_FPW-19_GRF_2-768x478.jpg\",\r\n        \"_512\": \"\/wp-content\/uploads\/2020\/10\/18005_FPW-19_GRF_2-512x319.jpg\",\r\n        \"_265\": \"\/wp-content\/uploads\/2020\/10\/18005_FPW-19_GRF_2-265x165.jpg\"\r\n      },\r\n      \"w\": 1900,\r\n      \"h\": 1182,\r\n      \"ar\": 0.6221052631578947,\r\n      \"alt\": \"\"\r\n    },\r\n    {\r\n      \"type\": \"img\",\r\n      \"cont\": \"\/wp-content\/uploads\/2020\/10\/18005_FPW-19_GRF_3.jpg\",\r\n      \"align\": \"top\",\r\n      \"row\": 6,\r\n      \"col\": 1,\r\n      \"colspan\": 2,\r\n      \"offsetx\": 0,\r\n      \"offsety\": 0,\r\n      \"spaceabove\": 0,\r\n      \"spacebelow\": 0,\r\n      \"yvel\": 1,\r\n      \"push\": 1,\r\n      \"relid\": 1442,\r\n      \"attid\": 1075,\r\n      \"sizes\": {\r\n        \"full\": \"\/wp-content\/uploads\/2020\/10\/18005_FPW-19_GRF_3.jpg\",\r\n        \"_1280\": \"\/wp-content\/uploads\/2020\/10\/18005_FPW-19_GRF_3-1280x796.jpg\",\r\n        \"_1024\": \"\/wp-content\/uploads\/2020\/10\/18005_FPW-19_GRF_3-1024x637.jpg\",\r\n        \"_768\": \"\/wp-content\/uploads\/2020\/10\/18005_FPW-19_GRF_3-768x478.jpg\",\r\n        \"_512\": \"\/wp-content\/uploads\/2020\/10\/18005_FPW-19_GRF_3-512x319.jpg\",\r\n        \"_265\": \"\/wp-content\/uploads\/2020\/10\/18005_FPW-19_GRF_3-265x165.jpg\"\r\n      },\r\n      \"w\": 1900,\r\n      \"h\": 1182,\r\n      \"ar\": 0.6221052631578947,\r\n      \"alt\": \"\"\r\n    },\r\n    {\r\n      \"type\": \"img\",\r\n      \"cont\": \"\/wp-content\/uploads\/2020\/10\/18005_FPW-19_GRF_1.jpg\",\r\n      \"align\": \"top\",\r\n      \"row\": 7,\r\n      \"col\": 1,\r\n      \"colspan\": 2,\r\n      \"offsetx\": 0,\r\n      \"offsety\": 0,\r\n      \"spaceabove\": 0,\r\n      \"spacebelow\": 0,\r\n      \"yvel\": 1,\r\n      \"push\": 1,\r\n      \"relid\": 1814,\r\n      \"attid\": 1073,\r\n      \"sizes\": {\r\n        \"full\": \"\/wp-content\/uploads\/2020\/10\/18005_FPW-19_GRF_1.jpg\",\r\n        \"_1280\": \"\/wp-content\/uploads\/2020\/10\/18005_FPW-19_GRF_1-1280x796.jpg\",\r\n        \"_1024\": \"\/wp-content\/uploads\/2020\/10\/18005_FPW-19_GRF_1-1024x637.jpg\",\r\n        \"_768\": \"\/wp-content\/uploads\/2020\/10\/18005_FPW-19_GRF_1-768x478.jpg\",\r\n        \"_512\": \"\/wp-content\/uploads\/2020\/10\/18005_FPW-19_GRF_1-512x319.jpg\",\r\n        \"_265\": \"\/wp-content\/uploads\/2020\/10\/18005_FPW-19_GRF_1-265x165.jpg\"\r\n      },\r\n      \"w\": 1900,\r\n      \"h\": 1182,\r\n      \"ar\": 0.6221052631578947,\r\n      \"alt\": \"\"\r\n    }\r\n  ]\r\n}","phonegrid":"{\r\n  \"colCount\": 1,\r\n  \"colGutter\": 1,\r\n  \"rowGutters\": [\r\n    5,\r\n    5,\r\n    5,\r\n    5,\r\n    5,\r\n    5,\r\n    5\r\n  ],\r\n  \"frameMargin\": 5,\r\n  \"topFrameMargin\": 2,\r\n  \"bottomFrameMargin\": 5,\r\n  \"rowAttrs\": [\r\n    {},\r\n    {},\r\n    {},\r\n    {},\r\n    {},\r\n    {},\r\n    {},\r\n    {}\r\n  ],\r\n  \"bgColor\": null,\r\n  \"cont\": [\r\n    {\r\n      \"type\": \"img\",\r\n      \"cont\": \"\/wp-content\/uploads\/2020\/10\/18005_FPW-19_GIF-1.gif\",\r\n      \"align\": \"top\",\r\n      \"row\": 0,\r\n      \"col\": 0,\r\n      \"colspan\": 1,\r\n      \"offsetx\": 0,\r\n      \"offsety\": 0,\r\n      \"spaceabove\": 0,\r\n      \"spacebelow\": 0,\r\n      \"yvel\": 1,\r\n      \"push\": 0,\r\n      \"relid\": 694,\r\n      \"attid\": 991,\r\n      \"sizes\": {\r\n        \"full\": \"\/wp-content\/uploads\/2020\/10\/18005_FPW-19_GIF-1.gif\",\r\n        \"_1280\": \"\/wp-content\/uploads\/2020\/10\/18005_FPW-19_GIF-1-1280x1280.gif\",\r\n        \"_1024\": \"\/wp-content\/uploads\/2020\/10\/18005_FPW-19_GIF-1-1024x1024.gif\",\r\n        \"_768\": \"\/wp-content\/uploads\/2020\/10\/18005_FPW-19_GIF-1-768x768.gif\",\r\n        \"_512\": \"\/wp-content\/uploads\/2020\/10\/18005_FPW-19_GIF-1-512x512.gif\",\r\n        \"_265\": \"\/wp-content\/uploads\/2020\/10\/18005_FPW-19_GIF-1-265x265.gif\"\r\n      },\r\n      \"w\": 1400,\r\n      \"h\": 1400,\r\n      \"ar\": 1,\r\n      \"alt\": \"\"\r\n    },\r\n    {\r\n      \"type\": \"text\",\r\n      \"cont\": \"<p><span class=\\\"_Default_medium\\\">Title<\/span> The Flexible Office<\/p><p><span class=\\\"_Default_medium\\\">Publisher<\/span> Messe Frankfurt Exhibition GmbH<\/p><p>Paperworld, Ludwig-Erhard-Anlage 1, 60327 Frankfurt am Main<\/p><p><span class=\\\"_Default_medium\\\">Concept<\/span> Andr\u00e9 Schmidt, MATTER B\u00fcro f\u00fcr Architektur und St\u00e4dtebau<\/p><p><span class=\\\"_Default_medium\\\">Design<\/span> Julia Neller<\/p><p><span class=\\\"_Default_medium\\\">Editorial\/Text<\/span> Ludwig Engel, Stefan Carsten, Andr\u00e9 Schmidt<\/p><p><span class=\\\"_Default_medium\\\">Interviews<\/span> Prof. Dr. Exlisabeth Oberzaucher, Florian Bergmann, Dr. Florian R\u00f6hrbein, Sandra Wallenhorst<\/p><p><span class=\\\"_Default_medium\\\">Translation<\/span> Alan Connor, alcon-translate<\/p><p><span class=\\\"_Default_medium\\\">Print<\/span> Messe Frankfurt Medien und Service GmbH<\/p><p><span class=\\\"_Default_medium\\\">Copyright<\/span> Messe Frankfurt Exhibition GmbH 2019<\/p>\",\r\n      \"align\": \"top\",\r\n      \"row\": 1,\r\n      \"col\": 0,\r\n      \"colspan\": 1,\r\n      \"offsetx\": 0,\r\n      \"offsety\": 0,\r\n      \"spaceabove\": 0,\r\n      \"spacebelow\": 0,\r\n      \"yvel\": 1,\r\n      \"push\": 0,\r\n      \"relid\": 5\r\n    },\r\n    {\r\n      \"type\": \"img\",\r\n      \"cont\": \"\/wp-content\/uploads\/2020\/10\/18005_FPW-19_GRF_4.jpg\",\r\n      \"align\": \"top\",\r\n      \"row\": 2,\r\n      \"col\": 0,\r\n      \"colspan\": 1,\r\n      \"offsetx\": 0,\r\n      \"offsety\": 0,\r\n      \"spaceabove\": 0,\r\n      \"spacebelow\": 0,\r\n      \"yvel\": 1,\r\n      \"push\": 0,\r\n      \"relid\": 699,\r\n      \"attid\": 1076,\r\n      \"sizes\": {\r\n        \"full\": \"\/wp-content\/uploads\/2020\/10\/18005_FPW-19_GRF_4.jpg\",\r\n        \"_1280\": \"\/wp-content\/uploads\/2020\/10\/18005_FPW-19_GRF_4-1280x796.jpg\",\r\n        \"_1024\": \"\/wp-content\/uploads\/2020\/10\/18005_FPW-19_GRF_4-1024x637.jpg\",\r\n        \"_768\": \"\/wp-content\/uploads\/2020\/10\/18005_FPW-19_GRF_4-768x478.jpg\",\r\n        \"_512\": \"\/wp-content\/uploads\/2020\/10\/18005_FPW-19_GRF_4-512x319.jpg\",\r\n        \"_265\": \"\/wp-content\/uploads\/2020\/10\/18005_FPW-19_GRF_4-265x165.jpg\"\r\n      },\r\n      \"w\": 1900,\r\n      \"h\": 1182,\r\n      \"ar\": 0.6221052631578947,\r\n      \"alt\": \"\"\r\n    },\r\n    {\r\n      \"type\": \"text\",\r\n      \"cont\": \"<p><span class=\\\"_Default_medium\\\">The Flexible Office<\/span><\/p><p>Flexibility is just as positive a term as it is an elastic concept, promising a world of possibilities only to fail all too often because of the users' habits. Flexibility, if planned to the right extent is, however, essential for sustainable buildings. Particularly in the field of office space planning, there is much talk about flexible spaces, where they are considered a necessity to prepare for changes in the world of work. But what does a flexible office look like and how has the way we work changed with the emergence of new work equipment?<\/p>\",\r\n      \"align\": \"top\",\r\n      \"row\": 3,\r\n      \"col\": 0,\r\n      \"colspan\": 1,\r\n      \"offsetx\": 0,\r\n      \"offsety\": 0,\r\n      \"spaceabove\": 0,\r\n      \"spacebelow\": 0,\r\n      \"yvel\": 1,\r\n      \"push\": 0,\r\n      \"relid\": 695\r\n    },\r\n    {\r\n      \"type\": \"img\",\r\n      \"cont\": \"\/wp-content\/uploads\/2020\/10\/18005_FPW-19_GRF_2.jpg\",\r\n      \"align\": \"top\",\r\n      \"row\": 4,\r\n      \"col\": 0,\r\n      \"colspan\": 1,\r\n      \"offsetx\": 0,\r\n      \"offsety\": 0,\r\n      \"spaceabove\": 0,\r\n      \"spacebelow\": 0,\r\n      \"yvel\": 1,\r\n      \"push\": 0,\r\n      \"relid\": 1075,\r\n      \"attid\": 1074,\r\n      \"sizes\": {\r\n        \"full\": \"\/wp-content\/uploads\/2020\/10\/18005_FPW-19_GRF_2.jpg\",\r\n        \"_1280\": \"\/wp-content\/uploads\/2020\/10\/18005_FPW-19_GRF_2-1280x796.jpg\",\r\n        \"_1024\": \"\/wp-content\/uploads\/2020\/10\/18005_FPW-19_GRF_2-1024x637.jpg\",\r\n        \"_768\": \"\/wp-content\/uploads\/2020\/10\/18005_FPW-19_GRF_2-768x478.jpg\",\r\n        \"_512\": \"\/wp-content\/uploads\/2020\/10\/18005_FPW-19_GRF_2-512x319.jpg\",\r\n        \"_265\": \"\/wp-content\/uploads\/2020\/10\/18005_FPW-19_GRF_2-265x165.jpg\"\r\n      },\r\n      \"w\": 1900,\r\n      \"h\": 1182,\r\n      \"ar\": 0.6221052631578947,\r\n      \"alt\": \"\"\r\n    },\r\n    {\r\n      \"type\": \"text\",\r\n      \"cont\": \"<p>Of course, flexibility is not only limited to the spatial environment in an office, but can also be found in the areas of personnel management, the organisation of working time, and company-internal innovation. To give you an idea of the bigger picture, we selected four experts from the fields of anthropology, music, sports and computer technology and talked to them about flexibility in their professional environment. It shows that, despite the apparent distance of these professions from the classic office workplace, interesting connections can be made, and practical conclusions drawn for one's own office. All that\u2019s required is to keep an open mind!<\/p>\",\r\n      \"align\": \"top\",\r\n      \"row\": 5,\r\n      \"col\": 0,\r\n      \"colspan\": 1,\r\n      \"offsetx\": 0,\r\n      \"offsety\": 0,\r\n      \"spaceabove\": 0,\r\n      \"spacebelow\": 0,\r\n      \"yvel\": 1,\r\n      \"push\": 0,\r\n      \"relid\": 6\r\n    },\r\n    {\r\n      \"type\": \"img\",\r\n      \"cont\": \"\/wp-content\/uploads\/2020\/10\/18005_FPW-19_GRF_3.jpg\",\r\n      \"align\": \"top\",\r\n      \"row\": 6,\r\n      \"col\": 0,\r\n      \"colspan\": 1,\r\n      \"offsetx\": 0,\r\n      \"offsety\": 0,\r\n      \"spaceabove\": 0,\r\n      \"spacebelow\": 0,\r\n      \"yvel\": 1,\r\n      \"push\": 0,\r\n      \"relid\": 1447,\r\n      \"attid\": 1075,\r\n      \"sizes\": {\r\n        \"full\": \"\/wp-content\/uploads\/2020\/10\/18005_FPW-19_GRF_3.jpg\",\r\n        \"_1280\": \"\/wp-content\/uploads\/2020\/10\/18005_FPW-19_GRF_3-1280x796.jpg\",\r\n        \"_1024\": \"\/wp-content\/uploads\/2020\/10\/18005_FPW-19_GRF_3-1024x637.jpg\",\r\n        \"_768\": \"\/wp-content\/uploads\/2020\/10\/18005_FPW-19_GRF_3-768x478.jpg\",\r\n        \"_512\": \"\/wp-content\/uploads\/2020\/10\/18005_FPW-19_GRF_3-512x319.jpg\",\r\n        \"_265\": \"\/wp-content\/uploads\/2020\/10\/18005_FPW-19_GRF_3-265x165.jpg\"\r\n      },\r\n      \"w\": 1900,\r\n      \"h\": 1182,\r\n      \"ar\": 0.6221052631578947,\r\n      \"alt\": \"\"\r\n    },\r\n    {\r\n      \"type\": \"img\",\r\n      \"cont\": \"\/wp-content\/uploads\/2020\/10\/18005_FPW-19_GRF_1.jpg\",\r\n      \"align\": \"top\",\r\n      \"row\": 7,\r\n      \"col\": 0,\r\n      \"colspan\": 1,\r\n      \"offsetx\": 0,\r\n      \"offsety\": 0,\r\n      \"spaceabove\": 0,\r\n      \"spacebelow\": 0,\r\n      \"yvel\": 1,\r\n      \"push\": 0,\r\n      \"relid\": 1819,\r\n      \"attid\": 1073,\r\n      \"sizes\": {\r\n        \"full\": \"\/wp-content\/uploads\/2020\/10\/18005_FPW-19_GRF_1.jpg\",\r\n        \"_1280\": \"\/wp-content\/uploads\/2020\/10\/18005_FPW-19_GRF_1-1280x796.jpg\",\r\n        \"_1024\": \"\/wp-content\/uploads\/2020\/10\/18005_FPW-19_GRF_1-1024x637.jpg\",\r\n        \"_768\": \"\/wp-content\/uploads\/2020\/10\/18005_FPW-19_GRF_1-768x478.jpg\",\r\n        \"_512\": \"\/wp-content\/uploads\/2020\/10\/18005_FPW-19_GRF_1-512x319.jpg\",\r\n        \"_265\": \"\/wp-content\/uploads\/2020\/10\/18005_FPW-19_GRF_1-265x165.jpg\"\r\n      },\r\n      \"w\": 1900,\r\n      \"h\": 1182,\r\n      \"ar\": 0.6221052631578947,\r\n      \"alt\": \"\"\r\n    }\r\n  ]\r\n}","_links":{"self":[{"href":"https:\/\/mttr-architekten.de\/en\/wp-json\/wp\/v2\/posts\/730","targetHints":{"allow":["GET"]}}],"collection":[{"href":"https:\/\/mttr-architekten.de\/en\/wp-json\/wp\/v2\/posts"}],"about":[{"href":"https:\/\/mttr-architekten.de\/en\/wp-json\/wp\/v2\/types\/post"}],"author":[{"embeddable":true,"href":"https:\/\/mttr-architekten.de\/en\/wp-json\/wp\/v2\/users\/1"}],"replies":[{"embeddable":true,"href":"https:\/\/mttr-architekten.de\/en\/wp-json\/wp\/v2\/comments?post=730"}],"version-history":[{"count":0,"href":"https:\/\/mttr-architekten.de\/en\/wp-json\/wp\/v2\/posts\/730\/revisions"}],"wp:featuredmedia":[{"embeddable":true,"href":"https:\/\/mttr-architekten.de\/en\/wp-json\/wp\/v2\/media\/992"}],"wp:attachment":[{"href":"https:\/\/mttr-architekten.de\/en\/wp-json\/wp\/v2\/media?parent=730"}],"wp:term":[{"taxonomy":"category","embeddable":true,"href":"https:\/\/mttr-architekten.de\/en\/wp-json\/wp\/v2\/categories?post=730"},{"taxonomy":"post_tag","embeddable":true,"href":"https:\/\/mttr-architekten.de\/en\/wp-json\/wp\/v2\/tags?post=730"}],"curies":[{"name":"wp","href":"https:\/\/api.w.org\/{rel}","templated":true}]}}